{"id":742,"date":"2024-01-30T08:57:34","date_gmt":"2024-01-30T08:57:34","guid":{"rendered":"https:\/\/atconsulting.hu\/?p=742"},"modified":"2024-12-02T10:37:37","modified_gmt":"2024-12-02T10:37:37","slug":"mi-tortenik-a-tesla-reszvenyekkel","status":"publish","type":"post","link":"https:\/\/atconsulting.hu\/index.php\/2024\/01\/30\/mi-tortenik-a-tesla-reszvenyekkel\/","title":{"rendered":"Mi t\u00f6rt\u00e9nik a Tesla r\u00e9szv\u00e9nyekkel?"},"content":{"rendered":"\n<p><strong>A Tesla r\u00e9szv\u00e9nyei (TSLA) 12%-ot estek cs\u00fct\u00f6rt\u00f6k\u00f6n<\/strong>, miut\u00e1n a v\u00e1llalat szerda k\u00e9s\u0151 d\u00e9lut\u00e1ni negyedik negyed\u00e9ves eredm\u00e9ny\u00e9r\u0151l sz\u00e1molt be, amely nem \u00e9rte el a becsl\u00e9seket \u00e9s&nbsp;<strong>lefel\u00e9 mutat\u00f3 eg\u00e9sz \u00e9ves termel\u00e9si&nbsp;<\/strong><strong>kil\u00e1t\u00e1sokat adott ki.<\/strong><\/p>\n\n\n\n<p><strong>A negyedik negyed\u00e9vben a Tesla 25,17 milli\u00e1rd doll\u00e1ros bev\u00e9telr\u0151l sz\u00e1molt be<\/strong>, szemben a v\u00e1rt 25,87 milli\u00e1rd doll\u00e1rral. A bev\u00e9tel mintegy&nbsp;<strong>3%-<\/strong><strong>kal n\u0151tt&nbsp;<\/strong>az egy \u00e9vvel ezel\u0151ttihez k\u00e9pest.&nbsp;<\/p>\n\n\n\n<p>A Tesla 0,71 doll\u00e1ros korrig\u00e1lt EPS-r\u0151l (Earnings Per Share\/ Egy r\u00e9szv\u00e9nyre jut\u00f3 nyeres\u00e9g) sz\u00e1molt be, szemben a v\u00e1rt 0,73&nbsp;doll\u00e1rral.&nbsp;<strong>A korrig\u00e1lt nett\u00f3 bev\u00e9tel 2,48 milli\u00e1rd doll\u00e1r volt<\/strong>, szemben a Street (Wall Street p\u00e9nz\u00fcgyi k\u00f6z\u00f6ss\u00e9g; br\u00f3kerek,&nbsp;keresked\u0151k, al\u00e1\u00edr\u00f3k \u00e9s m\u00e1s hozz\u00e1\u00e9rt\u0151 r\u00e9sztvev\u0151k<em>)&nbsp;<\/em>v\u00e1rakoz\u00e1saival, ami 2,61 milli\u00e1rd doll\u00e1r volt.&nbsp;<\/p>\n\n\n\n<p>Az elektromos j\u00e1rm\u0171vek \u00f3ri\u00e1sa hozz\u00e1tette, hogy&nbsp;<strong>jelenleg k\u00e9t nagy n\u00f6veked\u00e9si hull\u00e1m k\u00f6z\u00f6tt van<\/strong>.<\/p>\n\n\n<div class=\"wp-block-image\">\n<figure class=\"aligncenter size-full\"><img fetchpriority=\"high\" decoding=\"async\" width=\"782\" height=\"583\" src=\"https:\/\/atconsulting.hu\/wp-content\/uploads\/2024\/10\/Screenshot-2024-01-31-at-12.03.12.png\" alt=\"\" class=\"wp-image-744\" srcset=\"https:\/\/atconsulting.hu\/wp-content\/uploads\/2024\/10\/Screenshot-2024-01-31-at-12.03.12.png 782w, https:\/\/atconsulting.hu\/wp-content\/uploads\/2024\/10\/Screenshot-2024-01-31-at-12.03.12-300x224.png 300w, https:\/\/atconsulting.hu\/wp-content\/uploads\/2024\/10\/Screenshot-2024-01-31-at-12.03.12-768x573.png 768w\" sizes=\"(max-width: 782px) 100vw, 782px\" \/><\/figure><\/div>\n\n\n<p><strong>\u201eSok mindenre sz\u00e1m\u00edthatunk 2024<\/strong><strong>&#8211;<\/strong><strong>ben\u201d&nbsp;<\/strong>\u2013&nbsp;mondta Musk a szerdai megsz\u00f3lal\u00e1s\u00e1ban. Hozz\u00e1tette, hogy a Tesla arra \u00f6sszpontos\u00edt,&nbsp;hogy \u00faj gener\u00e1ci\u00f3s j\u00e1rm\u0171veit, energiat\u00e1rol\u00f3it, teljes \u00f6nvezet\u00e9s\u00e9t \u00e9s &#8222;egy\u00e9b projektjeit&#8221; a lehet\u0151 legjobban&nbsp;rakj\u00e1k \u00f6ssze.&nbsp;<\/p>\n\n\n\n<p>Az eg\u00e9sz \u00e9ves gy\u00e1rt\u00e1st illet\u0151en a Tesla azt mondta, hogy \u201e<strong>a j\u00e1rm\u0171mennyis\u00e9g n\u00f6veked\u00e9si \u00fcteme jelent\u0151sen alacsonyabb lehet a&nbsp;<\/strong><strong>2023-ban el\u00e9rt n\u00f6veked\u00e9si \u00fctemn\u00e9l<\/strong>, mivel csapataink a k\u00f6vetkez\u0151 gener\u00e1ci\u00f3s j\u00e1rm\u0171 bevezet\u00e9s\u00e9n dolgoznak a texasi&nbsp;Gigafactoryban\u201d, jelezve, hogy&nbsp;nem \u00e9ri el a Street 2,19 milli\u00f3s becsl\u00e9seit 2024-re, ami 21%-os n\u00f6veked\u00e9st jelentett volna 2023- hoz k\u00e9pest.&nbsp;<\/p>\n\n\n\n<p><strong>A Tesla r\u00e9szv\u00e9nyei k\u00f6zel 23%-ot vesz\u00edtettek id\u00e9n.<\/strong><\/p>\n\n\n<div class=\"wp-block-image\">\n<figure class=\"aligncenter size-full\"><img decoding=\"async\" width=\"727\" height=\"422\" src=\"https:\/\/atconsulting.hu\/wp-content\/uploads\/2024\/10\/Screenshot-2024-01-31-at-11.45.13.png\" alt=\"\" class=\"wp-image-745\" srcset=\"https:\/\/atconsulting.hu\/wp-content\/uploads\/2024\/10\/Screenshot-2024-01-31-at-11.45.13.png 727w, https:\/\/atconsulting.hu\/wp-content\/uploads\/2024\/10\/Screenshot-2024-01-31-at-11.45.13-300x174.png 300w\" sizes=\"(max-width: 727px) 100vw, 727px\" \/><\/figure><\/div>\n\n\n<p>Elon Musk&nbsp;vez\u00e9rigazgat\u00f3 elemz\u0151kkel folytatott besz\u00e9lget\u00e9s sor\u00e1n meger\u0151s\u00edtette, hogy&nbsp;<strong>a v\u00e1llalat k\u00f6vetkez\u0151 gener\u00e1ci\u00f3s j\u00e1rm\u0171ve&nbsp;<\/strong><strong>2025 m\u00e1sodik fel\u00e9ben jelenik meg<\/strong>. Az eredm\u00e9nykimutat\u00e1sban, majd a k\u00e9s\u0151bbi&nbsp;bev\u00e9teli ir\u00e1nymutat\u00e1sban (earnings guidance) a&nbsp;Tesla megeml\u00edtette a k\u00f6vetkez\u0151 gener\u00e1ci\u00f3s gy\u00e1rt\u00e1si platformj\u00e1nak el\u0151rehalad\u00e1s\u00e1t is.&nbsp;<\/p>\n\n\n\n<p>&#8222;Arra koncentr\u00e1lunk, hogy a lehet\u0151 leggyorsabban piacra vigy\u00fck a k\u00f6vetkez\u0151 gener\u00e1ci\u00f3s platformot, \u00e9s azt tervezz\u00fck, hogy a&nbsp;termel\u00e9st a texasi Gigafactoryban kezdj\u00fck meg&#8221; &#8211; mondta a v\u00e1llalat.&nbsp;<strong>&#8222;Ez a platform forradalmas\u00edtja a j\u00e1rm\u0171vek gy\u00e1rt\u00e1s\u00e1t.&#8221;&nbsp;<\/strong><\/p>\n\n\n\n<p>&#8222;Nagyon messze jutottunk a k\u00f6vetkez\u0151 gener\u00e1ci\u00f3s alacsony k\u00f6lts\u00e9g\u0171 j\u00e1rm\u0171v\u00fcnkkel. Nagyon izgatottak vagyunk emiatt. &#8211; mondta Musk. Ez egybecseng a Reuters kor\u00e1bbi jelent\u00e9s\u00e9vel, amely szerint a Tesla k\u00f6z\u00f6lte a besz\u00e1ll\u00edt\u00f3kkal, hogy a&nbsp;<strong>\u201eRedwood\u201d k\u00f3dnev\u0171&nbsp;<\/strong><strong>\u00faj t\u00f6megpiaci elektromos aut\u00f3&nbsp;<\/strong>gy\u00e1rt\u00e1s\u00e1t szeretn\u00e9 megkezdeni 2025 k\u00f6zep\u00e9n.<\/p>\n\n\n<div class=\"wp-block-image\">\n<figure class=\"aligncenter size-full\"><img decoding=\"async\" width=\"705\" height=\"470\" src=\"https:\/\/atconsulting.hu\/wp-content\/uploads\/2024\/10\/823ff0f0-ba07-11ee-afb4-eea674fa8ddc.jpg\" alt=\"\" class=\"wp-image-746\" srcset=\"https:\/\/atconsulting.hu\/wp-content\/uploads\/2024\/10\/823ff0f0-ba07-11ee-afb4-eea674fa8ddc.jpg 705w, https:\/\/atconsulting.hu\/wp-content\/uploads\/2024\/10\/823ff0f0-ba07-11ee-afb4-eea674fa8ddc-300x200.jpg 300w\" sizes=\"(max-width: 705px) 100vw, 705px\" \/><\/figure><\/div>\n\n\n<p><strong>A h\u00f3nap elej\u00e9n a Tesla 484 507 kisz\u00e1ll\u00edt\u00e1sr\u00f3l sz\u00e1molt be a negyedik negyed\u00e9vben<\/strong>, ami meghaladja a Bloomberg szerint 483 173-ra becs\u00fclt Street becsl\u00e9seket. Ez a sz\u00e1m&nbsp;<strong>minden id\u0151k rekordnegyed\u00e9t jelenti a Tesla&nbsp;<\/strong><strong>sz\u00e1m\u00e1ra<\/strong>, k\u00f6zel 20 000 darabbal magasabb, mint a tavalyi \u00e9v m\u00e1sodik negyed\u00e9v\u00e9ben lesz\u00e1ll\u00edtott 466 000 darabos rekord.&nbsp;<\/p>\n\n\n\n<p>Az \u00e9v sor\u00e1n a Tesla azt mondta, hogy&nbsp;<strong>a j\u00e1rm\u0171sz\u00e1ll\u00edt\u00e1sok \u00e9ves szinten 38%<\/strong><strong>-kal, 1,81 milli\u00f3ra, a termel\u00e9s pedig 35%-kal, 1,85&nbsp;<\/strong><strong>milli\u00f3ra n\u0151tt<\/strong>. M\u00edg a 38%-os sz\u00e1ll\u00edt\u00e1si n\u00f6veked\u00e9si r\u00e1t\u00e1ja elmaradt az 50%-os \u00f6sszetett \u00e9ves n\u00f6veked\u00e9si \u00fctem (CAGR) c\u00e9lj\u00e1t\u00f3l, ami beigazolta, hogy a Tesla kor\u00e1bban azt mondta, hogy a harmadik negyed\u00e9vben bek\u00f6vetkezett gy\u00e1rle\u00e1ll\u00e1sok \u00e9s fejleszt\u00e9sek miatt nem fogja el\u00e9rni ezt a c\u00e9lt.&nbsp;<strong>Figyelemre m\u00e9lt\u00f3ak a Cybertruck rendel\u00e9sek is&nbsp;<\/strong>de megeml\u00edtett\u00e9k, hogy a Cybertruck gy\u00e1rt\u00e1si ideje tov\u00e1bb tart, mint m\u00e1s modellek\u00e9. Megism\u00e9telve a tavalyihoz hasonl\u00f3 megjegyz\u00e9seket.<\/p>\n\n\n<div class=\"wp-block-image\">\n<figure class=\"aligncenter size-full\"><img loading=\"lazy\" decoding=\"async\" width=\"705\" height=\"470\" src=\"https:\/\/atconsulting.hu\/wp-content\/uploads\/2024\/10\/1a8b7ab0-ba07-11ee-9fdd-7de4564f72d3.jpg\" alt=\"\" class=\"wp-image-747\" srcset=\"https:\/\/atconsulting.hu\/wp-content\/uploads\/2024\/10\/1a8b7ab0-ba07-11ee-9fdd-7de4564f72d3.jpg 705w, https:\/\/atconsulting.hu\/wp-content\/uploads\/2024\/10\/1a8b7ab0-ba07-11ee-9fdd-7de4564f72d3-300x200.jpg 300w\" sizes=\"(max-width: 705px) 100vw, 705px\" \/><\/figure><\/div>\n\n\n<p>Musk kor\u00e1bbi megjegyz\u00e9seivel is reflekt\u00e1lt, \u00e9s azt mondta, hogy nagyobb ellen\u0151rz\u00e9st kell biztos\u00edtania a Tesla felett, ha a v\u00e1llalat&nbsp;teljes\u00edteni k\u00edv\u00e1nja&nbsp;sz\u00e9lesk\u00f6r\u0171 AI-ambici\u00f3it, valamint&nbsp;<strong>a jelenlegi r\u00e9szesed\u00e9s\u00e9re tekintettel az aggodalm\u00e1t fejezte ki<\/strong>, hogy a&nbsp;j\u00f6v\u0151ben &#8222;olyan csek\u00e9ly befoly\u00e1sa lesz&#8221;&nbsp;a c\u00e9gben, hogy egyes nagyr\u00e9szv\u00e9nyesek megfoszthatj\u00e1k az ir\u00e1ny\u00edt\u00e1s\u00e1t\u00f3l, vagy rossz d\u00f6nt\u00e9st hozhatnak.&nbsp;<\/p>\n\n\n\n<p>&#8222;Valamilyen v\u00e9letlenszer\u0171 r\u00e9szv\u00e9nyesi tan\u00e1csad\u00f3 c\u00e9g kiszavazhatna engem&#8221;&nbsp;&#8211; mondta, p\u00e9ldak\u00e9nt eml\u00edtve az Institutional Shareholder Services (ISS) \u00e9s a Glass Lewis-t, a k\u00e9t jelent\u0151s r\u00e9szv\u00e9nyesi meghatalmazott tan\u00e1csad\u00f3 c\u00e9get.&nbsp;<\/p>\n\n\n\n<p>&#8222;[Sok aktivista] besziv\u00e1rog a r\u00e9szv\u00e9nyesek jogait v\u00e9d\u0151 szervezetekbe&#8221;&nbsp;&#8211; mondta Musk, hozz\u00e1t\u00e9ve, hogy&nbsp;<strong>&#8222;nem keres tov\u00e1bbi gazdas\u00e1goss\u00e1gokat, \u00e9n csak a hat\u00e9kony technol\u00f3gia hat\u00e9kony s\u00e1f\u00e1ra akarok lenni&#8221;.&nbsp;<\/strong><\/p>\n\n\n\n<p><em>&#8222;Jobb venni egy nagyszer\u0171 c\u00e9get korrekt \u00e1ron, mint egy korrekt c\u00e9get nagyszer\u0171 \u00e1ron.&#8221; \u2013 Warren Buffett<\/em><\/p>\n","protected":false},"excerpt":{"rendered":"<p>A Tesla r\u00e9szv\u00e9nyei (TSLA) 12%-ot estek cs\u00fct\u00f6rt\u00f6k\u00f6n, miut\u00e1n a v\u00e1llalat szerda k\u00e9s\u0151 d\u00e9lut\u00e1ni negyedik negyed\u00e9ves eredm\u00e9ny\u00e9r\u0151l sz\u00e1molt be, amely nem \u00e9rte el a becsl\u00e9seket \u00e9s&nbsp;lefel\u00e9 mutat\u00f3 eg\u00e9sz \u00e9ves termel\u00e9si&nbsp;kil\u00e1t\u00e1sokat adott ki. A negyedik negyed\u00e9vben a Tesla 25,17 milli\u00e1rd doll\u00e1ros bev\u00e9telr\u0151l sz\u00e1molt be, szemben a v\u00e1rt 25,87 milli\u00e1rd doll\u00e1rral. A bev\u00e9tel mintegy&nbsp;3%-kal n\u0151tt&nbsp;az egy \u00e9vvel ezel\u0151ttihez [&hellip;]<\/p>\n","protected":false},"author":1,"featured_media":743,"comment_status":"closed","ping_status":"open","sticky":false,"template":"","format":"standard","meta":{"footnotes":""},"categories":[1],"tags":[],"class_list":["post-742","post","type-post","status-publish","format-standard","has-post-thumbnail","hentry","category-uncategorized"],"yoast_head":"<!-- This site is optimized with the Yoast SEO plugin v23.9 - https:\/\/yoast.com\/wordpress\/plugins\/seo\/ -->\n<title>Mi t\u00f6rt\u00e9nik a Tesla r\u00e9szv\u00e9nyekkel? - AT Consulting<\/title>\n<meta name=\"robots\" content=\"index, follow, max-snippet:-1, max-image-preview:large, max-video-preview:-1\" \/>\n<link rel=\"canonical\" href=\"https:\/\/atconsulting.hu\/index.php\/2024\/01\/30\/mi-tortenik-a-tesla-reszvenyekkel\/\" \/>\n<meta property=\"og:locale\" content=\"hu_HU\" \/>\n<meta property=\"og:type\" content=\"article\" \/>\n<meta property=\"og:title\" content=\"Mi t\u00f6rt\u00e9nik a Tesla r\u00e9szv\u00e9nyekkel? - AT Consulting\" \/>\n<meta property=\"og:description\" content=\"A Tesla r\u00e9szv\u00e9nyei (TSLA) 12%-ot estek cs\u00fct\u00f6rt\u00f6k\u00f6n, miut\u00e1n a v\u00e1llalat szerda k\u00e9s\u0151 d\u00e9lut\u00e1ni negyedik negyed\u00e9ves eredm\u00e9ny\u00e9r\u0151l sz\u00e1molt be, amely nem \u00e9rte el a becsl\u00e9seket \u00e9s&nbsp;lefel\u00e9 mutat\u00f3 eg\u00e9sz \u00e9ves termel\u00e9si&nbsp;kil\u00e1t\u00e1sokat adott ki. A negyedik negyed\u00e9vben a Tesla 25,17 milli\u00e1rd doll\u00e1ros bev\u00e9telr\u0151l sz\u00e1molt be, szemben a v\u00e1rt 25,87 milli\u00e1rd doll\u00e1rral. A bev\u00e9tel mintegy&nbsp;3%-kal n\u0151tt&nbsp;az egy \u00e9vvel ezel\u0151ttihez [&hellip;]\" \/>\n<meta property=\"og:url\" content=\"https:\/\/atconsulting.hu\/index.php\/2024\/01\/30\/mi-tortenik-a-tesla-reszvenyekkel\/\" \/>\n<meta property=\"og:site_name\" content=\"AT Consulting\" \/>\n<meta property=\"article:published_time\" content=\"2024-01-30T08:57:34+00:00\" \/>\n<meta property=\"article:modified_time\" content=\"2024-12-02T10:37:37+00:00\" \/>\n<meta property=\"og:image\" content=\"https:\/\/atconsulting.hu\/wp-content\/uploads\/2024\/10\/3186e74af05bf60e050eda28ae7ae3cb.webp\" \/>\n\t<meta property=\"og:image:width\" content=\"960\" \/>\n\t<meta property=\"og:image:height\" content=\"576\" \/>\n\t<meta property=\"og:image:type\" content=\"image\/webp\" \/>\n<meta name=\"author\" content=\"admin\" \/>\n<meta name=\"twitter:card\" content=\"summary_large_image\" \/>\n<meta name=\"twitter:label1\" content=\"Szerz\u0151:\" \/>\n\t<meta name=\"twitter:data1\" content=\"admin\" \/>\n\t<meta name=\"twitter:label2\" content=\"Becs\u00fclt olvas\u00e1si id\u0151\" \/>\n\t<meta name=\"twitter:data2\" content=\"5 perc\" \/>\n<script type=\"application\/ld+json\" class=\"yoast-schema-graph\">{\"@context\":\"https:\/\/schema.org\",\"@graph\":[{\"@type\":\"Article\",\"@id\":\"https:\/\/atconsulting.hu\/index.php\/2024\/01\/30\/mi-tortenik-a-tesla-reszvenyekkel\/#article\",\"isPartOf\":{\"@id\":\"https:\/\/atconsulting.hu\/index.php\/2024\/01\/30\/mi-tortenik-a-tesla-reszvenyekkel\/\"},\"author\":{\"name\":\"admin\",\"@id\":\"https:\/\/atconsulting.hu\/#\/schema\/person\/ec7a627a5644eb281493cb62ea1ea574\"},\"headline\":\"Mi t\u00f6rt\u00e9nik a Tesla r\u00e9szv\u00e9nyekkel?\",\"datePublished\":\"2024-01-30T08:57:34+00:00\",\"dateModified\":\"2024-12-02T10:37:37+00:00\",\"mainEntityOfPage\":{\"@id\":\"https:\/\/atconsulting.hu\/index.php\/2024\/01\/30\/mi-tortenik-a-tesla-reszvenyekkel\/\"},\"wordCount\":935,\"publisher\":{\"@id\":\"https:\/\/atconsulting.hu\/#organization\"},\"image\":{\"@id\":\"https:\/\/atconsulting.hu\/index.php\/2024\/01\/30\/mi-tortenik-a-tesla-reszvenyekkel\/#primaryimage\"},\"thumbnailUrl\":\"https:\/\/atconsulting.hu\/wp-content\/uploads\/2024\/10\/3186e74af05bf60e050eda28ae7ae3cb.webp\",\"articleSection\":[\"Uncategorized\"],\"inLanguage\":\"hu\"},{\"@type\":\"WebPage\",\"@id\":\"https:\/\/atconsulting.hu\/index.php\/2024\/01\/30\/mi-tortenik-a-tesla-reszvenyekkel\/\",\"url\":\"https:\/\/atconsulting.hu\/index.php\/2024\/01\/30\/mi-tortenik-a-tesla-reszvenyekkel\/\",\"name\":\"Mi t\u00f6rt\u00e9nik a Tesla r\u00e9szv\u00e9nyekkel? - AT Consulting\",\"isPartOf\":{\"@id\":\"https:\/\/atconsulting.hu\/#website\"},\"primaryImageOfPage\":{\"@id\":\"https:\/\/atconsulting.hu\/index.php\/2024\/01\/30\/mi-tortenik-a-tesla-reszvenyekkel\/#primaryimage\"},\"image\":{\"@id\":\"https:\/\/atconsulting.hu\/index.php\/2024\/01\/30\/mi-tortenik-a-tesla-reszvenyekkel\/#primaryimage\"},\"thumbnailUrl\":\"https:\/\/atconsulting.hu\/wp-content\/uploads\/2024\/10\/3186e74af05bf60e050eda28ae7ae3cb.webp\",\"datePublished\":\"2024-01-30T08:57:34+00:00\",\"dateModified\":\"2024-12-02T10:37:37+00:00\",\"breadcrumb\":{\"@id\":\"https:\/\/atconsulting.hu\/index.php\/2024\/01\/30\/mi-tortenik-a-tesla-reszvenyekkel\/#breadcrumb\"},\"inLanguage\":\"hu\",\"potentialAction\":[{\"@type\":\"ReadAction\",\"target\":[\"https:\/\/atconsulting.hu\/index.php\/2024\/01\/30\/mi-tortenik-a-tesla-reszvenyekkel\/\"]}]},{\"@type\":\"ImageObject\",\"inLanguage\":\"hu\",\"@id\":\"https:\/\/atconsulting.hu\/index.php\/2024\/01\/30\/mi-tortenik-a-tesla-reszvenyekkel\/#primaryimage\",\"url\":\"https:\/\/atconsulting.hu\/wp-content\/uploads\/2024\/10\/3186e74af05bf60e050eda28ae7ae3cb.webp\",\"contentUrl\":\"https:\/\/atconsulting.hu\/wp-content\/uploads\/2024\/10\/3186e74af05bf60e050eda28ae7ae3cb.webp\",\"width\":960,\"height\":576},{\"@type\":\"BreadcrumbList\",\"@id\":\"https:\/\/atconsulting.hu\/index.php\/2024\/01\/30\/mi-tortenik-a-tesla-reszvenyekkel\/#breadcrumb\",\"itemListElement\":[{\"@type\":\"ListItem\",\"position\":1,\"name\":\"Kezd\u0151lap\",\"item\":\"https:\/\/atconsulting.hu\/\"},{\"@type\":\"ListItem\",\"position\":2,\"name\":\"Mi t\u00f6rt\u00e9nik a Tesla r\u00e9szv\u00e9nyekkel?\"}]},{\"@type\":\"WebSite\",\"@id\":\"https:\/\/atconsulting.hu\/#website\",\"url\":\"https:\/\/atconsulting.hu\/\",\"name\":\"AT Consulting\",\"description\":\"\",\"publisher\":{\"@id\":\"https:\/\/atconsulting.hu\/#organization\"},\"alternateName\":\"AT Consulting - Befektet\u00e9s, biztons\u00e1g, hozam\",\"potentialAction\":[{\"@type\":\"SearchAction\",\"target\":{\"@type\":\"EntryPoint\",\"urlTemplate\":\"https:\/\/atconsulting.hu\/?s={search_term_string}\"},\"query-input\":{\"@type\":\"PropertyValueSpecification\",\"valueRequired\":true,\"valueName\":\"search_term_string\"}}],\"inLanguage\":\"hu\"},{\"@type\":\"Organization\",\"@id\":\"https:\/\/atconsulting.hu\/#organization\",\"name\":\"AT Consulting\",\"url\":\"https:\/\/atconsulting.hu\/\",\"logo\":{\"@type\":\"ImageObject\",\"inLanguage\":\"hu\",\"@id\":\"https:\/\/atconsulting.hu\/#\/schema\/logo\/image\/\",\"url\":\"https:\/\/atconsulting.hu\/wp-content\/uploads\/2024\/09\/atconsulting_logo_v2_QR.jpg\",\"contentUrl\":\"https:\/\/atconsulting.hu\/wp-content\/uploads\/2024\/09\/atconsulting_logo_v2_QR.jpg\",\"width\":400,\"height\":89,\"caption\":\"AT Consulting\"},\"image\":{\"@id\":\"https:\/\/atconsulting.hu\/#\/schema\/logo\/image\/\"}},{\"@type\":\"Person\",\"@id\":\"https:\/\/atconsulting.hu\/#\/schema\/person\/ec7a627a5644eb281493cb62ea1ea574\",\"name\":\"admin\",\"image\":{\"@type\":\"ImageObject\",\"inLanguage\":\"hu\",\"@id\":\"https:\/\/atconsulting.hu\/#\/schema\/person\/image\/\",\"url\":\"https:\/\/secure.gravatar.com\/avatar\/b4bb48a2435a69f07576aeff0e19b234?s=96&d=mm&r=g\",\"contentUrl\":\"https:\/\/secure.gravatar.com\/avatar\/b4bb48a2435a69f07576aeff0e19b234?s=96&d=mm&r=g\",\"caption\":\"admin\"},\"sameAs\":[\"https:\/\/atconsulting.hu\"],\"url\":\"https:\/\/atconsulting.hu\/index.php\/author\/admin_7hedc3yv\/\"}]}<\/script>\n<!-- \/ Yoast SEO plugin. -->","yoast_head_json":{"title":"Mi t\u00f6rt\u00e9nik a Tesla r\u00e9szv\u00e9nyekkel? - AT Consulting","robots":{"index":"index","follow":"follow","max-snippet":"max-snippet:-1","max-image-preview":"max-image-preview:large","max-video-preview":"max-video-preview:-1"},"canonical":"https:\/\/atconsulting.hu\/index.php\/2024\/01\/30\/mi-tortenik-a-tesla-reszvenyekkel\/","og_locale":"hu_HU","og_type":"article","og_title":"Mi t\u00f6rt\u00e9nik a Tesla r\u00e9szv\u00e9nyekkel? - AT Consulting","og_description":"A Tesla r\u00e9szv\u00e9nyei (TSLA) 12%-ot estek cs\u00fct\u00f6rt\u00f6k\u00f6n, miut\u00e1n a v\u00e1llalat szerda k\u00e9s\u0151 d\u00e9lut\u00e1ni negyedik negyed\u00e9ves eredm\u00e9ny\u00e9r\u0151l sz\u00e1molt be, amely nem \u00e9rte el a becsl\u00e9seket \u00e9s&nbsp;lefel\u00e9 mutat\u00f3 eg\u00e9sz \u00e9ves termel\u00e9si&nbsp;kil\u00e1t\u00e1sokat adott ki. A negyedik negyed\u00e9vben a Tesla 25,17 milli\u00e1rd doll\u00e1ros bev\u00e9telr\u0151l sz\u00e1molt be, szemben a v\u00e1rt 25,87 milli\u00e1rd doll\u00e1rral. A bev\u00e9tel mintegy&nbsp;3%-kal n\u0151tt&nbsp;az egy \u00e9vvel ezel\u0151ttihez [&hellip;]","og_url":"https:\/\/atconsulting.hu\/index.php\/2024\/01\/30\/mi-tortenik-a-tesla-reszvenyekkel\/","og_site_name":"AT Consulting","article_published_time":"2024-01-30T08:57:34+00:00","article_modified_time":"2024-12-02T10:37:37+00:00","og_image":[{"width":960,"height":576,"url":"https:\/\/atconsulting.hu\/wp-content\/uploads\/2024\/10\/3186e74af05bf60e050eda28ae7ae3cb.webp","type":"image\/webp"}],"author":"admin","twitter_card":"summary_large_image","twitter_misc":{"Szerz\u0151:":"admin","Becs\u00fclt olvas\u00e1si id\u0151":"5 perc"},"schema":{"@context":"https:\/\/schema.org","@graph":[{"@type":"Article","@id":"https:\/\/atconsulting.hu\/index.php\/2024\/01\/30\/mi-tortenik-a-tesla-reszvenyekkel\/#article","isPartOf":{"@id":"https:\/\/atconsulting.hu\/index.php\/2024\/01\/30\/mi-tortenik-a-tesla-reszvenyekkel\/"},"author":{"name":"admin","@id":"https:\/\/atconsulting.hu\/#\/schema\/person\/ec7a627a5644eb281493cb62ea1ea574"},"headline":"Mi t\u00f6rt\u00e9nik a Tesla r\u00e9szv\u00e9nyekkel?","datePublished":"2024-01-30T08:57:34+00:00","dateModified":"2024-12-02T10:37:37+00:00","mainEntityOfPage":{"@id":"https:\/\/atconsulting.hu\/index.php\/2024\/01\/30\/mi-tortenik-a-tesla-reszvenyekkel\/"},"wordCount":935,"publisher":{"@id":"https:\/\/atconsulting.hu\/#organization"},"image":{"@id":"https:\/\/atconsulting.hu\/index.php\/2024\/01\/30\/mi-tortenik-a-tesla-reszvenyekkel\/#primaryimage"},"thumbnailUrl":"https:\/\/atconsulting.hu\/wp-content\/uploads\/2024\/10\/3186e74af05bf60e050eda28ae7ae3cb.webp","articleSection":["Uncategorized"],"inLanguage":"hu"},{"@type":"WebPage","@id":"https:\/\/atconsulting.hu\/index.php\/2024\/01\/30\/mi-tortenik-a-tesla-reszvenyekkel\/","url":"https:\/\/atconsulting.hu\/index.php\/2024\/01\/30\/mi-tortenik-a-tesla-reszvenyekkel\/","name":"Mi t\u00f6rt\u00e9nik a Tesla r\u00e9szv\u00e9nyekkel? - AT Consulting","isPartOf":{"@id":"https:\/\/atconsulting.hu\/#website"},"primaryImageOfPage":{"@id":"https:\/\/atconsulting.hu\/index.php\/2024\/01\/30\/mi-tortenik-a-tesla-reszvenyekkel\/#primaryimage"},"image":{"@id":"https:\/\/atconsulting.hu\/index.php\/2024\/01\/30\/mi-tortenik-a-tesla-reszvenyekkel\/#primaryimage"},"thumbnailUrl":"https:\/\/atconsulting.hu\/wp-content\/uploads\/2024\/10\/3186e74af05bf60e050eda28ae7ae3cb.webp","datePublished":"2024-01-30T08:57:34+00:00","dateModified":"2024-12-02T10:37:37+00:00","breadcrumb":{"@id":"https:\/\/atconsulting.hu\/index.php\/2024\/01\/30\/mi-tortenik-a-tesla-reszvenyekkel\/#breadcrumb"},"inLanguage":"hu","potentialAction":[{"@type":"ReadAction","target":["https:\/\/atconsulting.hu\/index.php\/2024\/01\/30\/mi-tortenik-a-tesla-reszvenyekkel\/"]}]},{"@type":"ImageObject","inLanguage":"hu","@id":"https:\/\/atconsulting.hu\/index.php\/2024\/01\/30\/mi-tortenik-a-tesla-reszvenyekkel\/#primaryimage","url":"https:\/\/atconsulting.hu\/wp-content\/uploads\/2024\/10\/3186e74af05bf60e050eda28ae7ae3cb.webp","contentUrl":"https:\/\/atconsulting.hu\/wp-content\/uploads\/2024\/10\/3186e74af05bf60e050eda28ae7ae3cb.webp","width":960,"height":576},{"@type":"BreadcrumbList","@id":"https:\/\/atconsulting.hu\/index.php\/2024\/01\/30\/mi-tortenik-a-tesla-reszvenyekkel\/#breadcrumb","itemListElement":[{"@type":"ListItem","position":1,"name":"Kezd\u0151lap","item":"https:\/\/atconsulting.hu\/"},{"@type":"ListItem","position":2,"name":"Mi t\u00f6rt\u00e9nik a Tesla r\u00e9szv\u00e9nyekkel?"}]},{"@type":"WebSite","@id":"https:\/\/atconsulting.hu\/#website","url":"https:\/\/atconsulting.hu\/","name":"AT Consulting","description":"","publisher":{"@id":"https:\/\/atconsulting.hu\/#organization"},"alternateName":"AT Consulting - Befektet\u00e9s, biztons\u00e1g, hozam","potentialAction":[{"@type":"SearchAction","target":{"@type":"EntryPoint","urlTemplate":"https:\/\/atconsulting.hu\/?s={search_term_string}"},"query-input":{"@type":"PropertyValueSpecification","valueRequired":true,"valueName":"search_term_string"}}],"inLanguage":"hu"},{"@type":"Organization","@id":"https:\/\/atconsulting.hu\/#organization","name":"AT Consulting","url":"https:\/\/atconsulting.hu\/","logo":{"@type":"ImageObject","inLanguage":"hu","@id":"https:\/\/atconsulting.hu\/#\/schema\/logo\/image\/","url":"https:\/\/atconsulting.hu\/wp-content\/uploads\/2024\/09\/atconsulting_logo_v2_QR.jpg","contentUrl":"https:\/\/atconsulting.hu\/wp-content\/uploads\/2024\/09\/atconsulting_logo_v2_QR.jpg","width":400,"height":89,"caption":"AT Consulting"},"image":{"@id":"https:\/\/atconsulting.hu\/#\/schema\/logo\/image\/"}},{"@type":"Person","@id":"https:\/\/atconsulting.hu\/#\/schema\/person\/ec7a627a5644eb281493cb62ea1ea574","name":"admin","image":{"@type":"ImageObject","inLanguage":"hu","@id":"https:\/\/atconsulting.hu\/#\/schema\/person\/image\/","url":"https:\/\/secure.gravatar.com\/avatar\/b4bb48a2435a69f07576aeff0e19b234?s=96&d=mm&r=g","contentUrl":"https:\/\/secure.gravatar.com\/avatar\/b4bb48a2435a69f07576aeff0e19b234?s=96&d=mm&r=g","caption":"admin"},"sameAs":["https:\/\/atconsulting.hu"],"url":"https:\/\/atconsulting.hu\/index.php\/author\/admin_7hedc3yv\/"}]}},"_links":{"self":[{"href":"https:\/\/atconsulting.hu\/index.php\/wp-json\/wp\/v2\/posts\/742"}],"collection":[{"href":"https:\/\/atconsulting.hu\/index.php\/wp-json\/wp\/v2\/posts"}],"about":[{"href":"https:\/\/atconsulting.hu\/index.php\/wp-json\/wp\/v2\/types\/post"}],"author":[{"embeddable":true,"href":"https:\/\/atconsulting.hu\/index.php\/wp-json\/wp\/v2\/users\/1"}],"replies":[{"embeddable":true,"href":"https:\/\/atconsulting.hu\/index.php\/wp-json\/wp\/v2\/comments?post=742"}],"version-history":[{"count":2,"href":"https:\/\/atconsulting.hu\/index.php\/wp-json\/wp\/v2\/posts\/742\/revisions"}],"predecessor-version":[{"id":832,"href":"https:\/\/atconsulting.hu\/index.php\/wp-json\/wp\/v2\/posts\/742\/revisions\/832"}],"wp:featuredmedia":[{"embeddable":true,"href":"https:\/\/atconsulting.hu\/index.php\/wp-json\/wp\/v2\/media\/743"}],"wp:attachment":[{"href":"https:\/\/atconsulting.hu\/index.php\/wp-json\/wp\/v2\/media?parent=742"}],"wp:term":[{"taxonomy":"category","embeddable":true,"href":"https:\/\/atconsulting.hu\/index.php\/wp-json\/wp\/v2\/categories?post=742"},{"taxonomy":"post_tag","embeddable":true,"href":"https:\/\/atconsulting.hu\/index.php\/wp-json\/wp\/v2\/tags?post=742"}],"curies":[{"name":"wp","href":"https:\/\/api.w.org\/{rel}","templated":true}]}}